{"id":1882,"date":"2021-08-24T17:58:12","date_gmt":"2021-08-24T17:58:12","guid":{"rendered":"https:\/\/easytl.com\/es\/?p=1882"},"modified":"2021-08-24T18:00:56","modified_gmt":"2021-08-24T18:00:56","slug":"macbook-air-colorido-e-com-mini-led-podera-ser-lancado-em-meados-de-2022","status":"publish","type":"post","link":"https:\/\/easytl.com\/es\/macbook-air-colorido-e-com-mini-led-podera-ser-lancado-em-meados-de-2022\/","title":{"rendered":"MacBook Air colorido e com Mini-LED poder\u00e1 ser lan\u00e7ado em meados de 2022"},"content":{"rendered":"\n<figure class=\"wp-block-image size-full\"><img fetchpriority=\"high\" decoding=\"async\" width=\"800\" height=\"450\" src=\"https:\/\/easytl.com\/es\/wp-content\/uploads\/2021\/08\/10-render-macbook-air-4-800x450-1.jpg\" alt=\"\" class=\"wp-image-1883\" srcset=\"https:\/\/easytl.com\/es\/wp-content\/uploads\/2021\/08\/10-render-macbook-air-4-800x450-1.jpg 800w, https:\/\/easytl.com\/es\/wp-content\/uploads\/2021\/08\/10-render-macbook-air-4-800x450-1-300x169.jpg 300w, https:\/\/easytl.com\/es\/wp-content\/uploads\/2021\/08\/10-render-macbook-air-4-800x450-1-768x432.jpg 768w\" sizes=\"(max-width: 800px) 100vw, 800px\" \/><\/figure>\n\n\n\n<p>N\u00e3o \u00e9 de hoje que rumores sobre os pr\u00f3ximos MacBooks Air pipocam. Na verdade, eles come\u00e7aram no fim de 2020, quando Ming-Chi Kuo afirmou que novos laptops redesenhados chegariam no segundo semestre deste ano.<\/p>\n\n\n\n<p>Pois, hoje, o analista chin\u00eas confirmou que a Apple, de fato, planeja lan\u00e7ar novos MacBooks Air n\u00e3o apenas com um novo design, mas tamb\u00e9m com diversas op\u00e7\u00f5es de cores e display Mini-LED. Sua previs\u00e3o, contudo, \u00e9 de que os novos aparelhos chegar\u00e3o apenas em meados de 2022.<\/p>\n\n\n\n<p>Kuo disse ainda que o novo MacBook Air apresentar\u00e1 um \u201cdesign totalmente novo\u201d com um formato semelhante ao dos futuros modelos do MacBook Pro \u2014 que dever\u00e3o ter um aspecto mais \u201cflat\u201d e processadores mais potentes. Esses detalhes v\u00e3o ao encontro de rumores antigos assinados por outras fontes, como Mark Gurman (da Bloomberg) e Jon Prosser.<\/p>\n\n\n\n<p>Acredita-se que a fabricante chinesa BOE fornecer\u00e1 as telas Mini-LED para esse novo dispositivo, enquanto a LG e a Sharp fornecer\u00e3o os mesmos displays para os modelos Pro.<\/p>\n\n\n\n<p>As d\u00favidas que ainda pairam dizem respeito ao pre\u00e7o e ao chip da nova m\u00e1quina. Kuo disse n\u00e3o ter certeza se a fabrica\u00e7\u00e3o do MacBook Air atual (com o chip M1) ser\u00e1 encerrada depois que o modelo com Mini-LED entrar em produ\u00e7\u00e3o em massa, nem se isso poder\u00e1 ter um real efeito sobre os pre\u00e7os que j\u00e1 conhecemos.<\/p>\n\n\n\n<p>Caso a produ\u00e7\u00e3o do MacBook Air mais recente seja mesmo encerrada, o pre\u00e7o do novo modelo provavelmente partir\u00e1 dos mesmos US$1.000. No entanto, caso ele continue dispon\u00edvel, Kuo acredita que poder\u00e1 receber um corte de pre\u00e7o.<\/p>\n\n\n\n<p>Aguardemos, portanto, mais novidades sobre os futuros devices\u2026 \u231b<\/p>\n\n\n\n<p>fonte: https:\/\/macmagazine.com.br\/post\/2021\/08\/10\/macbook-air-colorido-e-com-mini-led-podera-ser-lancado-em-meados-de-2022\/<\/p>\n","protected":false},"excerpt":{"rendered":"<p>N\u00e3o \u00e9 de hoje que rumores sobre os pr\u00f3ximos MacBooks Air pipocam por aqui. Na verdade, eles come\u00e7aram no fim de 2020, quando Ming-Chi Kuo afirmou que novos laptops redesenhados chegariam no segundo semestre deste ano.<\/p>\n","protected":false},"author":1,"featured_media":0,"comment_status":"closed","ping_status":"closed","sticky":false,"template":"","format":"standard","meta":{"footnotes":""},"categories":[7],"tags":[15,14,11,12,13],"class_list":["post-1882","post","type-post","status-publish","format-standard","hentry","category-lancamentos","tag-15","tag-apple","tag-macbook","tag-macbook-air","tag-mini-led"],"_links":{"self":[{"href":"https:\/\/easytl.com\/es\/wp-json\/wp\/v2\/posts\/1882","targetHints":{"allow":["GET"]}}],"collection":[{"href":"https:\/\/easytl.com\/es\/wp-json\/wp\/v2\/posts"}],"about":[{"href":"https:\/\/easytl.com\/es\/wp-json\/wp\/v2\/types\/post"}],"author":[{"embeddable":true,"href":"https:\/\/easytl.com\/es\/wp-json\/wp\/v2\/users\/1"}],"replies":[{"embeddable":true,"href":"https:\/\/easytl.com\/es\/wp-json\/wp\/v2\/comments?post=1882"}],"version-history":[{"count":0,"href":"https:\/\/easytl.com\/es\/wp-json\/wp\/v2\/posts\/1882\/revisions"}],"wp:attachment":[{"href":"https:\/\/easytl.com\/es\/wp-json\/wp\/v2\/media?parent=1882"}],"wp:term":[{"taxonomy":"category","embeddable":true,"href":"https:\/\/easytl.com\/es\/wp-json\/wp\/v2\/categories?post=1882"},{"taxonomy":"post_tag","embeddable":true,"href":"https:\/\/easytl.com\/es\/wp-json\/wp\/v2\/tags?post=1882"}],"curies":[{"name":"wp","href":"https:\/\/api.w.org\/{rel}","templated":true}]}}